{"id":11,"__str__":"Discuss\u00e3o das Emendas ao Plano Diretor Estrat\u00e9gico de S\u00e3o Jo\u00e3o da Boa Vista 04/06/2019","link_detail_backend":"/audiencia/11","metadata":{},"numero":11,"ano":2019,"nome":"Discuss\u00e3o das Emendas ao Plano Diretor Estrat\u00e9gico de S\u00e3o Jo\u00e3o da Boa Vista 04/06/2019","tema":"Discuss\u00e3o das Emendas ao Plano Diretor Estrat\u00e9gico de S\u00e3o Jo\u00e3o da Boa Vista","data":"2019-06-04","hora_inicio":"19:00","hora_fim":"21:55","observacao":"","audiencia_cancelada":false,"url_audio":"","url_video":"https://www.youtube.com/watch?v=sowGrzfJtQQ","upload_pauta":null,"upload_ata":"http://sapl.saojoaodaboavista.sp.leg.br/media/sapl/public/audienciapublica/11/ata/04.06.2019_oMG3WvJ.pdf","upload_anexo":null,"materia":9343,"tipo":1,"parlamentar_autor":null,"requerimento":null}