{"id":13,"__str__":"Discuss\u00e3o das Emendas ao Plano Diretor Estrat\u00e9gico de S\u00e3o Jo\u00e3o da Boa Vista 29/07/2019","link_detail_backend":"/audiencia/13","metadata":{},"numero":13,"ano":2019,"nome":"Discuss\u00e3o das Emendas ao Plano Diretor Estrat\u00e9gico de S\u00e3o Jo\u00e3o da Boa Vista 29/07/2019","tema":"Discuss\u00e3o das Emendas ao Plano Diretor Estrat\u00e9gico de S\u00e3o Jo\u00e3o da Boa Vista 29/07/2019","data":"2019-07-29","hora_inicio":"19:00","hora_fim":"22:45","observacao":"","audiencia_cancelada":false,"url_audio":"","url_video":"https://www.youtube.com/watch?v=gfgg2m00MY0","upload_pauta":null,"upload_ata":"http://sapl.saojoaodaboavista.sp.leg.br/media/sapl/public/audienciapublica/13/ata/29.07.19_foM3B5E.pdf","upload_anexo":null,"materia":9343,"tipo":1,"parlamentar_autor":null,"requerimento":null}