{"id":19723,"__str__":"Autoria: J\u00fanior da Van - Indica\u00e7\u00e3o n\u00ba 168 de 2023","link_detail_backend":"/materia/autoria/19723","metadata":{},"primeiro_autor":true,"autor":52,"materia":21551}