{"id":11464,"__str__":"Projeto de Resolu\u00e7\u00e3o n\u00ba 2 de 2019","link_detail_backend":"/materia/11464","metadata":{},"numero":2,"ano":2019,"numero_protocolo":null,"data_apresentacao":"2019-03-14","tipo_apresentacao":"E","data_publicacao":null,"numero_origem_externa":"","ano_origem_externa":null,"data_origem_externa":null,"apelido":"","dias_prazo":null,"data_fim_prazo":null,"em_tramitacao":true,"polemica":null,"objeto":"","complementar":null,"ementa":"Concede licen\u00e7a de um (01) dia do cargo de Vereador ao Ilustr\u00edssimo Senhor Jos\u00e9 Eduardo dos Reis","indexacao":"","observacao":"","resultado":"","texto_original":"http://sapl.saojoaodaboavista.sp.leg.br/media/sapl/public/materialegislativa/2019/11464/projeto.resolucao.02_0u9ILZx.pdf","data_ultima_atualizacao":"2019-05-31T16:36:18.416621-03:00","ip":"","ultima_edicao":null,"tipo":2,"regime_tramitacao":1,"tipo_origem_externa":null,"local_origem_externa":null,"user":null,"anexadas":[],"autores":[11]}