{"id":11698,"__str__":"Requerimento n\u00ba 153 de 2019","link_detail_backend":"/materia/11698","metadata":{},"numero":153,"ano":2019,"numero_protocolo":null,"data_apresentacao":"2019-05-02","tipo_apresentacao":"E","data_publicacao":null,"numero_origem_externa":"","ano_origem_externa":null,"data_origem_externa":null,"apelido":"","dias_prazo":null,"data_fim_prazo":null,"em_tramitacao":true,"polemica":false,"objeto":"","complementar":false,"ementa":"Encaminha o Anteprojeto de Lei que disp\u00f5e sobre o Programa Censo-Inclus\u00e3o e Cadastro-Inclus\u00e3o para pessoas com defici\u00eancia no Munic\u00edpio de S\u00e3o Jo\u00e3o da Boa Vista.","indexacao":"","observacao":"","resultado":"","texto_original":"http://sapl.saojoaodaboavista.sp.leg.br/media/sapl/public/materialegislativa/2019/11698/requerimento.153_YUqUWnJ.pdf","data_ultima_atualizacao":"2019-05-15T09:42:27.747137-03:00","ip":"","ultima_edicao":null,"tipo":3,"regime_tramitacao":1,"tipo_origem_externa":null,"local_origem_externa":null,"user":null,"anexadas":[],"autores":[9]}