{"id":15178,"__str__":"Of\u00edcio do Gabinete do Vereador n\u00ba 213 de 2021","link_detail_backend":"/materia/15178","metadata":{},"numero":213,"ano":2021,"numero_protocolo":null,"data_apresentacao":"2021-03-23","tipo_apresentacao":"E","data_publicacao":null,"numero_origem_externa":"","ano_origem_externa":null,"data_origem_externa":null,"apelido":"","dias_prazo":null,"data_fim_prazo":null,"em_tramitacao":false,"polemica":false,"objeto":"","complementar":false,"ementa":"Solicita ao Dr. JEAN CARLO GORINCHTEYN, que sejam imediatamente inclu\u00eddos, no grupo priorit\u00e1rio do plano estadual de imuniza\u00e7\u00e3o, os professores e demais funcion\u00e1rios das escolas da rede estadual e municipal, p\u00fablica e privada do Estado de S\u00e3o Paulo, bem como a vacina\u00e7\u00e3o em massa destes profissionais, a fim da retomada segura das aulas.","indexacao":"","observacao":"","resultado":"","texto_original":"http://sapl.saojoaodaboavista.sp.leg.br/media/sapl/public/materialegislativa/2021/15178/of.gab.213.pdf","data_ultima_atualizacao":"2021-11-29T10:46:49.286955-03:00","ip":"186.219.158.72","ultima_edicao":"2021-03-26T13:19:37.926408-03:00","tipo":69,"regime_tramitacao":1,"tipo_origem_externa":null,"local_origem_externa":null,"user":59,"anexadas":[],"autores":[47]}