{"id":27393,"__str__":"Requerimento n\u00ba 608 de 2025","link_detail_backend":"/materia/27393","metadata":{},"numero":608,"ano":2025,"numero_protocolo":null,"data_apresentacao":"2025-10-03","tipo_apresentacao":"E","data_publicacao":null,"numero_origem_externa":"","ano_origem_externa":null,"data_origem_externa":null,"apelido":"","dias_prazo":null,"data_fim_prazo":null,"em_tramitacao":false,"polemica":false,"objeto":"","complementar":false,"ementa":"Solicita \u00e0 Secretaria de Seguran\u00e7a P\u00fablica do Estado de S\u00e3o Paulo informa\u00e7\u00f5es sobre as raz\u00f5es pelas quais a libera\u00e7\u00e3o de corpos para a funer\u00e1ria do munic\u00edpio de S\u00e3o Jo\u00e3o da Boa Vista/SP tem levado mais tempo do que o comum.","indexacao":"","observacao":"","resultado":"","texto_original":"http://sapl.saojoaodaboavista.sp.leg.br/media/sapl/public/materialegislativa/2025/27393/requerimento.608.pdf","data_ultima_atualizacao":"2025-10-07T14:44:34.109809-03:00","ip":"168.121.54.176","ultima_edicao":"2025-10-07T14:44:15.915665-03:00","tipo":3,"regime_tramitacao":1,"tipo_origem_externa":null,"local_origem_externa":null,"user":40,"anexadas":[],"autores":[50]}