{"id":28088,"__str__":"Projeto de Lei Complementar n\u00ba 6 de 2026","link_detail_backend":"/materia/28088","metadata":{},"numero":6,"ano":2026,"numero_protocolo":null,"data_apresentacao":"2026-01-20","tipo_apresentacao":"E","data_publicacao":null,"numero_origem_externa":"","ano_origem_externa":null,"data_origem_externa":null,"apelido":"","dias_prazo":null,"data_fim_prazo":null,"em_tramitacao":true,"polemica":false,"objeto":"","complementar":false,"ementa":"Disp\u00f5e sobre a cria\u00e7\u00e3o do cargo em Comiss\u00e3o de Coordenador de Assuntos Institucionais e Normativos da Educa\u00e7\u00e3o no Anexo II e a extin\u00e7\u00e3o de vac\u00e2ncias no Anexo I, da Lei n\u00ba 670, de 22 de maio de 1992 e d\u00e1 outras provid\u00eancias.","indexacao":"","observacao":"","resultado":"","texto_original":null,"data_ultima_atualizacao":"2026-03-10T09:41:26.142521-03:00","ip":"187.92.165.234","ultima_edicao":"2026-02-23T13:50:40.304657-03:00","tipo":5,"regime_tramitacao":1,"tipo_origem_externa":null,"local_origem_externa":null,"user":40,"anexadas":[],"autores":[22]}