{"id":7048,"__str__":"Emenda Aditiva ao Proj. de Lei do Executivo n\u00ba 2 de 2015","link_detail_backend":"/materia/7048","metadata":{},"numero":2,"ano":2015,"numero_protocolo":null,"data_apresentacao":"2015-09-04","tipo_apresentacao":"E","data_publicacao":null,"numero_origem_externa":"","ano_origem_externa":null,"data_origem_externa":null,"apelido":"","dias_prazo":null,"data_fim_prazo":null,"em_tramitacao":true,"polemica":false,"objeto":"","complementar":null,"ementa":"EMENDA ADITIVA AO PROJETO DE LEI N\u00ba 91/2015 &#8211; DO EXECUTIVO &#8211; QUE DISP\u00d5E SOBRE A CRIA\u00c7\u00c3O DE FUN\u00c7\u00d5ES P\u00daBLICAS N\u00c3O PERMANENTES NO QUADRO DE SERVIDORES MUNICIPAIS.","indexacao":"","observacao":"","resultado":"","texto_original":"http://sapl.saojoaodaboavista.sp.leg.br/media/sapl/public/materialegislativa/2015/7048/7048_texto_integral.pdf","data_ultima_atualizacao":"2018-10-04T10:50:20.661357-03:00","ip":"","ultima_edicao":null,"tipo":45,"regime_tramitacao":1,"tipo_origem_externa":null,"local_origem_externa":null,"user":null,"anexadas":[],"autores":[7]}